{"id":340,"date":"2020-07-31T03:08:20","date_gmt":"2020-07-31T03:08:20","guid":{"rendered":"https:\/\/turismo.comonfort.gob.mx\/?p=340"},"modified":"2022-09-28T20:16:35","modified_gmt":"2022-09-28T20:16:35","slug":"plaza-civica-dr-mora","status":"publish","type":"post","link":"https:\/\/turismo.comonfort.gob.mx\/?p=340","title":{"rendered":"Plaza C\u00edvica Dr. Mora"},"content":{"rendered":"\t\t<div data-elementor-type=\"wp-post\" data-elementor-id=\"340\" class=\"elementor elementor-340\">\n\t\t\t\t\t\t<section class=\"elementor-section elementor-top-section elementor-element elementor-element-d20683e elementor-section-content-middle elementor-section-height-min-height elementor-section-boxed elementor-section-height-default elementor-section-items-middle elementor-invisible\" data-id=\"d20683e\" data-element_type=\"section\" data-settings=\"{&quot;background_background&quot;:&quot;classic&quot;,&quot;animation&quot;:&quot;fadeIn&quot;,&quot;animation_delay&quot;:200}\">\n\t\t\t\t\t\t\t<div class=\"elementor-background-overlay\"><\/div>\n\t\t\t\t\t\t\t<div class=\"elementor-container elementor-column-gap-default\">\n\t\t\t\t\t<div class=\"elementor-column elementor-col-100 elementor-top-column elementor-element elementor-element-60acad0\" data-id=\"60acad0\" data-element_type=\"column\">\n\t\t\t<div class=\"elementor-widget-wrap elementor-element-populated\">\n\t\t\t\t\t\t<div class=\"elementor-element elementor-element-9a595a1 elementor-widget elementor-widget-heading\" data-id=\"9a595a1\" data-element_type=\"widget\" data-widget_type=\"heading.default\">\n\t\t\t\t<div class=\"elementor-widget-container\">\n\t\t\t<h2 class=\"elementor-heading-title elementor-size-default\">PLAZA C\u00cdVICA DR.MORA<\/h2>\t\t<\/div>\n\t\t\t\t<\/div>\n\t\t\t\t<div class=\"elementor-element elementor-element-c1d452d elementor-widget-divider--view-line elementor-widget elementor-widget-divider\" data-id=\"c1d452d\" data-element_type=\"widget\" data-widget_type=\"divider.default\">\n\t\t\t\t<div class=\"elementor-widget-container\">\n\t\t\t\t\t<div class=\"elementor-divider\">\n\t\t\t<span class=\"elementor-divider-separator\">\n\t\t\t\t\t\t<\/span>\n\t\t<\/div>\n\t\t\t\t<\/div>\n\t\t\t\t<\/div>\n\t\t\t\t<div class=\"elementor-element elementor-element-2038805 elementor-widget elementor-widget-spacer\" data-id=\"2038805\" data-element_type=\"widget\" data-widget_type=\"spacer.default\">\n\t\t\t\t<div class=\"elementor-widget-container\">\n\t\t\t\t\t<div class=\"elementor-spacer\">\n\t\t\t<div class=\"elementor-spacer-inner\"><\/div>\n\t\t<\/div>\n\t\t\t\t<\/div>\n\t\t\t\t<\/div>\n\t\t\t\t<div class=\"elementor-element elementor-element-b10f560 elementor-widget elementor-widget-spacer\" data-id=\"b10f560\" data-element_type=\"widget\" data-widget_type=\"spacer.default\">\n\t\t\t\t<div class=\"elementor-widget-container\">\n\t\t\t\t\t<div class=\"elementor-spacer\">\n\t\t\t<div class=\"elementor-spacer-inner\"><\/div>\n\t\t<\/div>\n\t\t\t\t<\/div>\n\t\t\t\t<\/div>\n\t\t\t\t\t<\/div>\n\t\t<\/div>\n\t\t\t\t\t<\/div>\n\t\t<\/section>\n\t\t\t\t<section class=\"elementor-section elementor-top-section elementor-element elementor-element-cbd7769 elementor-section-boxed elementor-section-height-default elementor-section-height-default\" data-id=\"cbd7769\" data-element_type=\"section\">\n\t\t\t\t\t\t<div class=\"elementor-container elementor-column-gap-default\">\n\t\t\t\t\t<div class=\"elementor-column elementor-col-100 elementor-top-column elementor-element elementor-element-5f14333\" data-id=\"5f14333\" data-element_type=\"column\" data-settings=\"{&quot;background_background&quot;:&quot;classic&quot;}\">\n\t\t\t<div class=\"elementor-widget-wrap elementor-element-populated\">\n\t\t\t\t\t\t<div class=\"elementor-element elementor-element-88a9227 elementor-widget elementor-widget-text-editor\" data-id=\"88a9227\" data-element_type=\"widget\" data-widget_type=\"text-editor.default\">\n\t\t\t\t<div class=\"elementor-widget-container\">\n\t\t\t\t\t\t\t<p>Esta plaza se encuentra en el centro de Comonfort y es considerada el sitio fundacional del pueblo. En ella podemos observar el monumento del Dr. Jos\u00e9 Ma. Luis Mora.<\/p><p>A este ide\u00f3logo de la Reforma se deben las bases del estado nacional mexicano. Su pensamiento cr\u00edtico sobre la ense\u00f1anza, as\u00ed como sus ideas de la separaci\u00f3n entre la Iglesia y el Estado, y su negativa a que los militares dirigieran las riendas del pa\u00eds le vali\u00f3 la enemistad de algunos grupos pol\u00edticos de la \u00e9poca.<\/p><p>Se exili\u00f3 en Europa hacia la d\u00e9cada de 1830. En Par\u00eds, Francia fue publicada su obra m\u00e1s importante, <em>M\u00e9xico y sus revoluciones<\/em> en 1836.<\/p><p>Falleci\u00f3 el 14 de julio de 1850 en Paris, Francia, sus restos fueron tra\u00eddos a M\u00e9xico en la d\u00e9cada de 1960, descansan en la Rotonda de las Personas Ilustres en la Ciudad de M\u00e9xico.<\/p>\t\t\t\t\t\t<\/div>\n\t\t\t\t<\/div>\n\t\t\t\t<div class=\"elementor-element elementor-element-a319130 elementor-widget elementor-widget-image\" data-id=\"a319130\" data-element_type=\"widget\" data-widget_type=\"image.default\">\n\t\t\t\t<div class=\"elementor-widget-container\">\n\t\t\t\t\t\t\t\t\t\t\t\t\t<img fetchpriority=\"high\" decoding=\"async\" width=\"382\" height=\"432\" src=\"https:\/\/turismo.comonfort.gob.mx\/wp-content\/uploads\/2022\/07\/Jose_Maria_Luis_Mora2.jpg\" class=\"attachment-large size-large wp-image-1746\" alt=\"\" srcset=\"https:\/\/turismo.comonfort.gob.mx\/wp-content\/uploads\/2022\/07\/Jose_Maria_Luis_Mora2.jpg 382w, https:\/\/turismo.comonfort.gob.mx\/wp-content\/uploads\/2022\/07\/Jose_Maria_Luis_Mora2-265x300.jpg 265w\" sizes=\"100vw\" \/>\t\t\t\t\t\t\t\t\t\t\t\t\t<\/div>\n\t\t\t\t<\/div>\n\t\t\t\t<section class=\"elementor-section elementor-inner-section elementor-element elementor-element-7cfe387 elementor-section-boxed elementor-section-height-default elementor-section-height-default\" data-id=\"7cfe387\" data-element_type=\"section\">\n\t\t\t\t\t\t<div class=\"elementor-container elementor-column-gap-default\">\n\t\t\t\t\t<div class=\"elementor-column elementor-col-100 elementor-inner-column elementor-element elementor-element-bead195\" data-id=\"bead195\" data-element_type=\"column\">\n\t\t\t<div class=\"elementor-widget-wrap elementor-element-populated\">\n\t\t\t\t\t\t<div class=\"elementor-element elementor-element-729598f elementor-widget elementor-widget-text-editor\" data-id=\"729598f\" data-element_type=\"widget\" data-widget_type=\"text-editor.default\">\n\t\t\t\t<div class=\"elementor-widget-container\">\n\t\t\t\t\t\t\t<p>En frente del monumento podr\u00e1 observar la fachada de la Parroquia de San Francisco de As\u00eds y a un lado el Mercado Hidalgo mejor conocido por las gorditas tradicionales.<\/p>\t\t\t\t\t\t<\/div>\n\t\t\t\t<\/div>\n\t\t\t\t<div class=\"elementor-element elementor-element-7e4187f elementor-widget elementor-widget-media-carousel\" data-id=\"7e4187f\" data-element_type=\"widget\" data-widget_type=\"media-carousel.default\">\n\t\t\t\t<div class=\"elementor-widget-container\">\n\t\t\t \t\t<\/div>\n\t\t\t\t<\/div>\n\t\t\t\t\t<\/div>\n\t\t<\/div>\n\t\t\t\t\t<\/div>\n\t\t<\/section>\n\t\t\t\t\t<\/div>\n\t\t<\/div>\n\t\t\t\t\t<\/div>\n\t\t<\/section>\n\t\t\t\t<\/div>\n\t\t","protected":false},"excerpt":{"rendered":"<p>PLAZA C\u00cdVICA DR.MORA Esta plaza se encuentra en el centro de Comonfort y es considerada el sitio fundacional del pueblo. En ella podemos observar el monumento del Dr. Jos\u00e9 Ma. Luis Mora. A este ide\u00f3logo de la Reforma se deben las bases del estado nacional mexicano. Su pensamiento cr\u00edtico sobre la ense\u00f1anza, as\u00ed como sus &hellip; <\/p>\n<p class=\"link-more\"><a href=\"https:\/\/turismo.comonfort.gob.mx\/?p=340\" class=\"more-link\">Continuar leyendo<span class=\"screen-reader-text\"> \u00abPlaza C\u00edvica Dr. Mora\u00bb<\/span><\/a><\/p>\n","protected":false},"author":1,"featured_media":342,"comment_status":"open","ping_status":"open","sticky":false,"template":"elementor_header_footer","format":"standard","meta":{"footnotes":""},"categories":[7],"tags":[],"_links":{"self":[{"href":"https:\/\/turismo.comonfort.gob.mx\/index.php?rest_route=\/wp\/v2\/posts\/340"}],"collection":[{"href":"https:\/\/turismo.comonfort.gob.mx\/index.php?rest_route=\/wp\/v2\/posts"}],"about":[{"href":"https:\/\/turismo.comonfort.gob.mx\/index.php?rest_route=\/wp\/v2\/types\/post"}],"author":[{"embeddable":true,"href":"https:\/\/turismo.comonfort.gob.mx\/index.php?rest_route=\/wp\/v2\/users\/1"}],"replies":[{"embeddable":true,"href":"https:\/\/turismo.comonfort.gob.mx\/index.php?rest_route=%2Fwp%2Fv2%2Fcomments&post=340"}],"version-history":[{"count":18,"href":"https:\/\/turismo.comonfort.gob.mx\/index.php?rest_route=\/wp\/v2\/posts\/340\/revisions"}],"predecessor-version":[{"id":2594,"href":"https:\/\/turismo.comonfort.gob.mx\/index.php?rest_route=\/wp\/v2\/posts\/340\/revisions\/2594"}],"wp:featuredmedia":[{"embeddable":true,"href":"https:\/\/turismo.comonfort.gob.mx\/index.php?rest_route=\/wp\/v2\/media\/342"}],"wp:attachment":[{"href":"https:\/\/turismo.comonfort.gob.mx\/index.php?rest_route=%2Fwp%2Fv2%2Fmedia&parent=340"}],"wp:term":[{"taxonomy":"category","embeddable":true,"href":"https:\/\/turismo.comonfort.gob.mx\/index.php?rest_route=%2Fwp%2Fv2%2Fcategories&post=340"},{"taxonomy":"post_tag","embeddable":true,"href":"https:\/\/turismo.comonfort.gob.mx\/index.php?rest_route=%2Fwp%2Fv2%2Ftags&post=340"}],"curies":[{"name":"wp","href":"https:\/\/api.w.org\/{rel}","templated":true}]}}